{"id":4320,"__str__":"Mo\u00e7\u00e3o n\u00ba 40 de 2025","link_detail_backend":"/materia/4320","metadata":{"signs":{"texto_original":{"admin":[],"autores":[["Jefferson dos Reis Padilha Goncalves",["2025-05-30T10:04:15-03:00","ICP-Brasil"]]]}}},"numero":40,"ano":2025,"numero_protocolo":1118,"data_apresentacao":"2025-05-30","tipo_apresentacao":"","data_publicacao":null,"numero_origem_externa":"","ano_origem_externa":null,"data_origem_externa":null,"apelido":"","dias_prazo":null,"data_fim_prazo":null,"em_tramitacao":true,"polemica":false,"objeto":"","complementar":false,"ementa":"Mo\u00e7\u00e3o de Aplausos e Congratula\u00e7\u00f5es ao Grupo Caminhada dos Amigos Aparecida do Norte, pela realiza\u00e7\u00e3o da peregrina\u00e7\u00e3o a p\u00e9 pelo Caminho da F\u00e9, de Alfenas (MG) a Aparecida (SP), entre os dias 09 e 15 de maio de 2025, como demonstra\u00e7\u00e3o de f\u00e9, devo\u00e7\u00e3o, supera\u00e7\u00e3o e esp\u00edrito de uni\u00e3o.","indexacao":"","observacao":"","resultado":"","texto_original":"http://sapl.alfenas.mg.leg.br/media/sapl/public/materialegislativa/2025/4320/mocao_40.2025_-_guigui.pdf","data_ultima_atualizacao":"2025-06-03T10:20:12.171546-03:00","ip":"177.75.207.143","ultima_edicao":"2025-05-30T09:49:16.248422-03:00","tipo":13,"regime_tramitacao":1,"tipo_origem_externa":null,"local_origem_externa":null,"user":8,"anexadas":[],"autores":[63]}