{"id":4316,"__str__":"Projeto de Decreto Legislativo n\u00ba 25 de 2025","link_detail_backend":"/materia/4316","metadata":{"signs":{"texto_original":{"admin":[],"autores":[["Cirlei Jose de Carvalho",["2025-05-30T10:11:46-03:00","ICP-Brasil"]]]}}},"numero":25,"ano":2025,"numero_protocolo":1114,"data_apresentacao":"2025-05-30","tipo_apresentacao":"","data_publicacao":null,"numero_origem_externa":"","ano_origem_externa":null,"data_origem_externa":null,"apelido":"","dias_prazo":null,"data_fim_prazo":null,"em_tramitacao":true,"polemica":false,"objeto":"","complementar":false,"ementa":"Concede o T\u00edtulo de Cidad\u00e3 Honor\u00e1ria do Munic\u00edpio de Alfenas \u00e0 Sra. Ionara Aparecida Soares Leal.","indexacao":"","observacao":"","resultado":"","texto_original":"http://sapl.alfenas.mg.leg.br/media/sapl/public/materialegislativa/2025/4316/pdl_25.2025_-_cirlei_-_ionara.docx_assinada.pdf","data_ultima_atualizacao":"2025-09-12T20:02:09.187637-03:00","ip":"177.75.207.143","ultima_edicao":"2025-05-30T10:38:24.971185-03:00","tipo":8,"regime_tramitacao":1,"tipo_origem_externa":null,"local_origem_externa":null,"user":8,"anexadas":[],"autores":[59]}