{"id":4303,"__str__":"Requerimento n\u00ba 65 de 2025","link_detail_backend":"/materia/4303","metadata":{"signs":{"texto_original":{"admin":[],"autores":[["Gilmar Costa da Silva",["2025-05-30T10:00:35-03:00","ICP-Brasil"]],["Maria Idalina da Silva",["2025-05-30T10:14:35-03:00","ICP-Brasil"]]]}}},"numero":65,"ano":2025,"numero_protocolo":1099,"data_apresentacao":"2025-05-29","tipo_apresentacao":"","data_publicacao":null,"numero_origem_externa":"","ano_origem_externa":null,"data_origem_externa":null,"apelido":"","dias_prazo":null,"data_fim_prazo":null,"em_tramitacao":true,"polemica":false,"objeto":"","complementar":false,"ementa":"Requerimento conjunto dos vereadores Gilmar Costa e Maria Idalina solicitando informa\u00e7\u00f5es complementares quanto a reforma da Pra\u00e7a Get\u00falio Vargas.","indexacao":"","observacao":"","resultado":"","texto_original":"http://sapl.alfenas.mg.leg.br/media/sapl/public/materialegislativa/2025/4303/requerimento_65.2025_-_gilmar_e_idalina.docx_assinada.pdf","data_ultima_atualizacao":"2025-09-11T17:37:31.834201-03:00","ip":"177.75.207.143","ultima_edicao":"2025-05-30T08:39:05.156938-03:00","tipo":14,"regime_tramitacao":1,"tipo_origem_externa":null,"local_origem_externa":null,"user":8,"anexadas":[4596],"autores":[61,62]}