{"id":4301,"__str__":"Indica\u00e7\u00e3o n\u00ba 431 de 2025","link_detail_backend":"/materia/4301","metadata":{"signs":{"texto_original":{"admin":[],"autores":[["Gilmar Costa da Silva",["2025-05-30T09:52:06-03:00","ICP-Brasil"]]]}}},"numero":431,"ano":2025,"numero_protocolo":1097,"data_apresentacao":"2025-05-29","tipo_apresentacao":"","data_publicacao":null,"numero_origem_externa":"","ano_origem_externa":null,"data_origem_externa":null,"apelido":"","dias_prazo":null,"data_fim_prazo":null,"em_tramitacao":true,"polemica":false,"objeto":"","complementar":false,"ementa":"Realizar a devida sinaliza\u00e7\u00e3o de proibi\u00e7\u00e3o de estacionar ve\u00edculos de um lado da via, nas Ruas Nicolau Coutinho e Rua do Areado.","indexacao":"","observacao":"","resultado":"","texto_original":"http://sapl.alfenas.mg.leg.br/media/sapl/public/materialegislativa/2025/4301/indicacao_431.2025_-_gilmar.docx_assinada.pdf","data_ultima_atualizacao":"2025-06-03T10:57:48.670372-03:00","ip":"177.75.207.143","ultima_edicao":"2025-05-30T09:59:07.875828-03:00","tipo":17,"regime_tramitacao":1,"tipo_origem_externa":null,"local_origem_externa":null,"user":8,"anexadas":[],"autores":[61]}