{"id":420,"__str__":"Projeto de Lei Ordin\u00e1ria n\u00ba 14 de 2023","link_detail_backend":"/materia/420","metadata":{},"numero":14,"ano":2023,"numero_protocolo":null,"data_apresentacao":"2023-03-23","tipo_apresentacao":"","data_publicacao":null,"numero_origem_externa":"","ano_origem_externa":null,"data_origem_externa":null,"apelido":"","dias_prazo":null,"data_fim_prazo":null,"em_tramitacao":true,"polemica":false,"objeto":"","complementar":false,"ementa":"Autoriza o Chefe do Poder Executivo Municipal firmar acordo judicial e administrativo com o Cons\u00f3rcio Intermunicipal de Sa\u00fade da Macro Regi\u00e3o do Sul de Minas para o gerenciamento dos servi\u00e7os de atendimento e a\u00e7\u00f5es de educa\u00e7\u00e3o permanente em urg\u00eancia e emerg\u00eancia, conforme exatos termos da minuta anexa, e d\u00e1 outras provid\u00eancias.","indexacao":"","observacao":"","resultado":"","texto_original":"http://sapl.alfenas.mg.leg.br/media/sapl/public/materialegislativa/2023/420/mensagem_0010.2023_-_acordo_samu_1.docx","data_ultima_atualizacao":"2023-07-03T00:21:06.137031-03:00","ip":"192.140.89.33","ultima_edicao":"2023-05-27T20:37:41.898860-03:00","tipo":9,"regime_tramitacao":1,"tipo_origem_externa":null,"local_origem_externa":null,"user":7,"anexadas":[],"autores":[23]}