{"id":4094,"__str__":"Indica\u00e7\u00e3o n\u00ba 328 de 2025","link_detail_backend":"/materia/4094","metadata":{"signs":{"texto_original":{"admin":[],"autores":[["Braz Fernando da Silva",["2025-04-25T09:07:23-03:00","ICP-Brasil"]]]}}},"numero":328,"ano":2025,"numero_protocolo":808,"data_apresentacao":"2025-04-24","tipo_apresentacao":"","data_publicacao":null,"numero_origem_externa":"","ano_origem_externa":null,"data_origem_externa":null,"apelido":"","dias_prazo":null,"data_fim_prazo":null,"em_tramitacao":true,"polemica":false,"objeto":"","complementar":false,"ementa":"Reitera a Indica\u00e7\u00e3o n\u00ba882/2024, que solicita que dentro do sistema rotativo, seja inclu\u00edda a realiza\u00e7\u00e3o da Feira Noturna tamb\u00e9m no bairro dos Barbaras e no Jardim S\u00e3o Carlos, na rua Alberto de Oliveira.","indexacao":"","observacao":"","resultado":"","texto_original":"http://sapl.alfenas.mg.leg.br/media/sapl/public/materialegislativa/2025/4094/indicacao_328.2025_-_braz-_assinada.pdf","data_ultima_atualizacao":"2025-04-29T09:59:37.148845-03:00","ip":"179.191.152.178","ultima_edicao":"2025-04-25T09:13:55.330353-03:00","tipo":17,"regime_tramitacao":1,"tipo_origem_externa":null,"local_origem_externa":null,"user":8,"anexadas":[],"autores":[24]}