{"id":4033,"__str__":"Indica\u00e7\u00e3o n\u00ba 305 de 2025","link_detail_backend":"/materia/4033","metadata":{"signs":{"texto_original":{"admin":[],"autores":[["Cirlei Jose de Carvalho",["2025-04-15T09:26:28-03:00","ICP-Brasil"]]]}}},"numero":305,"ano":2025,"numero_protocolo":746,"data_apresentacao":"2025-04-15","tipo_apresentacao":"","data_publicacao":null,"numero_origem_externa":"","ano_origem_externa":null,"data_origem_externa":null,"apelido":"","dias_prazo":null,"data_fim_prazo":null,"em_tramitacao":true,"polemica":false,"objeto":"","complementar":false,"ementa":"que sejam realizados estudos e provid\u00eancias para a cria\u00e7\u00e3o e reforma da \u00e1rea da Mina do Residencial Oliveira, com o objetivo de transform\u00e1-la em um Complexo Esportivo Comunit\u00e1rio destinado aos moradores do Residencial Oliveira e bairros adjacentes.\r\nA proposta visa a revitaliza\u00e7\u00e3o do espa\u00e7o p\u00fablico, incluindo:\r\n\u2022\tAmplia\u00e7\u00e3o da pista de caminhada existente;\r\n\u2022\tMelhoria do espa\u00e7o junto ao parque da Mina, incentivando o conv\u00edvio familiar e comunit\u00e1rio;\r\n\u2022\tInstala\u00e7\u00e3o de ilumina\u00e7\u00e3o adequada em toda a \u00e1rea, garantindo maior seguran\u00e7a aos usu\u00e1rios, inclusive no per\u00edodo noturno;\r\n\u2022\tTransforma\u00e7\u00e3o do campo inutilizado em uma quadra de areia, para a pr\u00e1tica de esportes como beach t\u00eanis, v\u00f4lei de praia e chute v\u00f4lei.","indexacao":"","observacao":"","resultado":"","texto_original":"http://sapl.alfenas.mg.leg.br/media/sapl/public/materialegislativa/2025/4033/indicacao_305.2025_-_cirlei_assinada.pdf","data_ultima_atualizacao":"2025-12-11T10:36:38.371512-03:00","ip":"189.56.118.154","ultima_edicao":"2025-04-15T09:46:35.059232-03:00","tipo":17,"regime_tramitacao":1,"tipo_origem_externa":null,"local_origem_externa":null,"user":8,"anexadas":[],"autores":[59]}