{"id":4014,"__str__":"Mo\u00e7\u00e3o n\u00ba 27 de 2025","link_detail_backend":"/materia/4014","metadata":{"signs":{"texto_original":{"admin":[],"autores":[["Matheus Paccini Pereira",["2025-04-11T10:16:51-03:00","ICP-Brasil"]]]}}},"numero":27,"ano":2025,"numero_protocolo":717,"data_apresentacao":"2025-04-11","tipo_apresentacao":"","data_publicacao":null,"numero_origem_externa":"","ano_origem_externa":null,"data_origem_externa":null,"apelido":"","dias_prazo":null,"data_fim_prazo":null,"em_tramitacao":true,"polemica":false,"objeto":"","complementar":false,"ementa":"MO\u00c7\u00c3O DE CONGRATULA\u00c7\u00d5ES E APLAUSOS a Escola Estadual Professor Levindo Lambert pelos seus 70 anos.","indexacao":"","observacao":"","resultado":"","texto_original":"http://sapl.alfenas.mg.leg.br/media/sapl/public/materialegislativa/2025/4014/mocao_27.2025_-_matheuspaccini.docx.pdf","data_ultima_atualizacao":"2025-09-12T16:10:41.639693-03:00","ip":"177.75.207.148","ultima_edicao":"2025-04-11T10:08:32.365758-03:00","tipo":13,"regime_tramitacao":1,"tipo_origem_externa":null,"local_origem_externa":null,"user":8,"anexadas":[],"autores":[64]}