{"id":3975,"__str__":"Emenda n\u00ba 7 de 2025","link_detail_backend":"/materia/3975","metadata":{},"numero":7,"ano":2025,"numero_protocolo":null,"data_apresentacao":"2025-04-04","tipo_apresentacao":"E","data_publicacao":null,"numero_origem_externa":"","ano_origem_externa":null,"data_origem_externa":null,"apelido":"","dias_prazo":null,"data_fim_prazo":null,"em_tramitacao":true,"polemica":false,"objeto":"","complementar":false,"ementa":"4\u00aa - EMENDA MODIFICATIVA: Fica modificado o art. 6\u00ba do Projeto de Resolu\u00e7\u00e3o n\u00ba 003/2025, o qual passar\u00e1 a tramitar com a seguinte reda\u00e7\u00e3o:\r\n\r\n\u201cArt. 6\u00ba O Compete \u00e0 C\u00e2mara Mirim apresentar e deliberar sobre propostas que visem a melhoria da qualidade de vida da popula\u00e7\u00e3o alfenense, em especial no que se refere \u00e0 educa\u00e7\u00e3o, sa\u00fade, assist\u00eancia social, cultura, esporte, lazer, meio ambiente, seguran\u00e7a p\u00fablica, turismo e outros assuntos de interesse p\u00fablico.\r\n\r\nPar\u00e1grafo \u00fanico. As proposi\u00e7\u00f5es aprovadas pela C\u00e2mara Mirim ser\u00e3o encaminhadas \u00e0 Mesa Diretora da C\u00e2mara Municipal, que delas dar\u00e1 conhecimento a todos os Vereadores, os quais poder\u00e3o transform\u00e1-las em proposi\u00e7\u00f5es oficiais e apresent\u00e1-las para delibera\u00e7\u00e3o da C\u00e2mara Municipal, que as encaminhar\u00e1 aos \u00f3rg\u00e3os p\u00fablicos competentes, caso sejam aprovadas.\u201d (NR)","indexacao":"","observacao":"","resultado":"","texto_original":"http://sapl.alfenas.mg.leg.br/media/sapl/public/materialegislativa/2025/3975/emenda_no_7-2025_-_projeto_resolucao_no_3-2025.pdf","data_ultima_atualizacao":"2025-09-12T19:51:23.858021-03:00","ip":"189.56.118.154","ultima_edicao":"2025-04-04T09:40:24.027129-03:00","tipo":29,"regime_tramitacao":1,"tipo_origem_externa":null,"local_origem_externa":null,"user":3,"anexadas":[],"autores":[1]}