{"id":3955,"__str__":"Indica\u00e7\u00e3o n\u00ba 250 de 2025","link_detail_backend":"/materia/3955","metadata":{"signs":{"texto_original":{"admin":[],"autores":[["Rodolfo Inacio da Freiria",["2025-04-03T16:47:29-03:00","ICP-Brasil"]]]}}},"numero":250,"ano":2025,"numero_protocolo":635,"data_apresentacao":"2025-04-03","tipo_apresentacao":"","data_publicacao":null,"numero_origem_externa":"","ano_origem_externa":null,"data_origem_externa":null,"apelido":"","dias_prazo":null,"data_fim_prazo":null,"em_tramitacao":false,"polemica":false,"objeto":"","complementar":false,"ementa":"Solicita a Cria\u00e7\u00e3o e Implementa\u00e7\u00e3o do Programa de Acessibilidade Urbana, com reforma e adequa\u00e7\u00e3o de cal\u00e7adas, amplia\u00e7\u00e3o de vagas de estacionamento para pessoas com defici\u00eancia, instala\u00e7\u00e3o de sinaliza\u00e7\u00e3o inclusiva e melhoria da infraestrutura em parques e espa\u00e7os p\u00fablicos.","indexacao":"","observacao":"","resultado":"","texto_original":"http://sapl.alfenas.mg.leg.br/media/sapl/public/materialegislativa/2025/3955/indicacao_250.2025_-_rodolfo_inacio.pdf","data_ultima_atualizacao":"2025-04-08T08:38:54.735663-03:00","ip":"189.56.118.154","ultima_edicao":"2025-04-03T14:50:12.381384-03:00","tipo":17,"regime_tramitacao":1,"tipo_origem_externa":null,"local_origem_externa":null,"user":14,"anexadas":[],"autores":[66]}