{"id":3950,"__str__":"Indica\u00e7\u00e3o n\u00ba 246 de 2025","link_detail_backend":"/materia/3950","metadata":{"signs":{"texto_original":{"admin":[],"autores":[["Marcio Fernando Costa",["2025-04-03T13:58:18-03:00","ICP-Brasil"]]]}}},"numero":246,"ano":2025,"numero_protocolo":626,"data_apresentacao":"2025-04-02","tipo_apresentacao":"","data_publicacao":null,"numero_origem_externa":"","ano_origem_externa":null,"data_origem_externa":null,"apelido":"","dias_prazo":null,"data_fim_prazo":null,"em_tramitacao":false,"polemica":false,"objeto":"","complementar":false,"ementa":"Indica a constru\u00e7\u00e3o de cal\u00e7amento em toda a extens\u00e3o da AV. Ayrton Senna da Silva, no Bairro da Boa Vista/ Pinheirinho e, se poss\u00edvel, tamb\u00e9m  a instala\u00e7\u00e3o de um redutor de velocidade no local.","indexacao":"","observacao":"","resultado":"","texto_original":"http://sapl.alfenas.mg.leg.br/media/sapl/public/materialegislativa/2025/3950/indicacao_246.2025_-_dunga_assinada.pdf","data_ultima_atualizacao":"2025-04-08T08:38:54.029619-03:00","ip":"177.75.206.187","ultima_edicao":"2025-04-03T14:25:56.830567-03:00","tipo":17,"regime_tramitacao":1,"tipo_origem_externa":null,"local_origem_externa":null,"user":8,"anexadas":[],"autores":[31]}