{"id":3946,"__str__":"Indica\u00e7\u00e3o n\u00ba 242 de 2025","link_detail_backend":"/materia/3946","metadata":{"signs":{"texto_original":{"admin":[],"autores":[["Evanilson Pereira de Andrade",["2025-04-03T10:14:43-03:00","ICP-Brasil"]]]}}},"numero":242,"ano":2025,"numero_protocolo":622,"data_apresentacao":"2025-04-02","tipo_apresentacao":"","data_publicacao":null,"numero_origem_externa":"","ano_origem_externa":null,"data_origem_externa":null,"apelido":"","dias_prazo":null,"data_fim_prazo":null,"em_tramitacao":false,"polemica":false,"objeto":"","complementar":false,"ementa":"Solicita\u00e7\u00e3o de notifica\u00e7\u00e3o da empresa prestadora de servi\u00e7os de trocas das l\u00e2mpadas de LED dos postes de ilumina\u00e7\u00e3o p\u00fablica referente a necessidade de substitui\u00e7\u00e3o de diversas l\u00e2mpadas queimadas na cidade de Alfenas \u2013 MG.","indexacao":"","observacao":"","resultado":"","texto_original":"http://sapl.alfenas.mg.leg.br/media/sapl/public/materialegislativa/2025/3946/indicacao_242.2025_-_ratinho.assinado.pdf","data_ultima_atualizacao":"2025-04-08T08:38:53.059875-03:00","ip":"189.56.118.154","ultima_edicao":"2025-04-03T10:15:13.996651-03:00","tipo":17,"regime_tramitacao":1,"tipo_origem_externa":null,"local_origem_externa":null,"user":10,"anexadas":[],"autores":[33]}