{"id":3933,"__str__":"Indica\u00e7\u00e3o n\u00ba 235 de 2025","link_detail_backend":"/materia/3933","metadata":{"signs":{"texto_original":{"admin":[],"autores":[["Gilmar Costa da Silva",["2025-03-28T09:35:39-03:00","ICP-Brasil"]]]}}},"numero":235,"ano":2025,"numero_protocolo":588,"data_apresentacao":"2025-03-27","tipo_apresentacao":"","data_publicacao":null,"numero_origem_externa":"","ano_origem_externa":null,"data_origem_externa":null,"apelido":"","dias_prazo":null,"data_fim_prazo":null,"em_tramitacao":true,"polemica":false,"objeto":"","complementar":false,"ementa":"Realizar reuni\u00e3o com a equipe da Guarda Municipal para alinhar as quest\u00f5es relacionadas aos direitos das pessoas com fibromialgia, tendo em vista que, embora a Lei 5.222 de 19 de julho de 2023 equipare as pessoas com fibromialgia a pessoas com defici\u00eancia no que tange a atendimento preferencial, essas pessoas n\u00e3o est\u00e3o tendo direito de estacionar nas vagas destinadas a pessoas com defici\u00eancia.","indexacao":"","observacao":"","resultado":"","texto_original":"http://sapl.alfenas.mg.leg.br/media/sapl/public/materialegislativa/2025/3933/indicacao_235.2025_-_gilmar_assinada.pdf","data_ultima_atualizacao":"2025-04-01T10:01:26.781334-03:00","ip":"177.75.207.112","ultima_edicao":"2025-03-28T09:42:43.136593-03:00","tipo":17,"regime_tramitacao":1,"tipo_origem_externa":null,"local_origem_externa":null,"user":8,"anexadas":[],"autores":[61]}