{"id":3924,"__str__":"Requerimento n\u00ba 38 de 2025","link_detail_backend":"/materia/3924","metadata":{"signs":{"texto_original":{"admin":[],"autores":[["Gilmar Costa da Silva",["2025-03-27T15:11:25-03:00","ICP-Brasil"]],["Maria Idalina da Silva",["2025-03-27T14:57:04-03:00","ICP-Brasil"]]]}}},"numero":38,"ano":2025,"numero_protocolo":579,"data_apresentacao":"2025-03-27","tipo_apresentacao":"","data_publicacao":null,"numero_origem_externa":"","ano_origem_externa":null,"data_origem_externa":null,"apelido":"","dias_prazo":null,"data_fim_prazo":null,"em_tramitacao":true,"polemica":false,"objeto":"","complementar":false,"ementa":"Informa\u00e7\u00f5es sobre a obra de revitaliza\u00e7\u00e3o da Pra\u00e7a Get\u00falio Vargas.","indexacao":"","observacao":"","resultado":"","texto_original":"http://sapl.alfenas.mg.leg.br/media/sapl/public/materialegislativa/2025/3924/requerimento_38.2025_-_gilmar_e_idalina_assinado.pdf","data_ultima_atualizacao":"2025-09-11T17:31:19.238172-03:00","ip":"189.56.118.154","ultima_edicao":"2025-03-27T16:02:56.498455-03:00","tipo":14,"regime_tramitacao":1,"tipo_origem_externa":null,"local_origem_externa":null,"user":8,"anexadas":[4149],"autores":[61]}