{"id":3915,"__str__":"Indica\u00e7\u00e3o n\u00ba 222 de 2025","link_detail_backend":"/materia/3915","metadata":{"signs":{"texto_original":{"admin":[],"autores":[["Jefferson dos Reis Padilha Goncalves",["2025-03-26T12:19:40-03:00","ICP-Brasil"]]]}}},"numero":222,"ano":2025,"numero_protocolo":563,"data_apresentacao":"2025-03-26","tipo_apresentacao":"","data_publicacao":null,"numero_origem_externa":"","ano_origem_externa":null,"data_origem_externa":null,"apelido":"","dias_prazo":null,"data_fim_prazo":null,"em_tramitacao":true,"polemica":false,"objeto":"","complementar":false,"ementa":"Instala\u00e7\u00e3o de um corrim\u00e3o seguro na escada localizada entre os bairros Vila Promessa e Campos El\u00edsios, visando garantir a seguran\u00e7a e acessibilidade dos pedestres, especialmente idosos e pessoas com mobilidade reduzida.","indexacao":"","observacao":"","resultado":"","texto_original":"http://sapl.alfenas.mg.leg.br/media/sapl/public/materialegislativa/2025/3915/indicacao_222.2025_-guigui.pdf","data_ultima_atualizacao":"2025-04-01T10:01:24.589826-03:00","ip":"177.75.207.112","ultima_edicao":"2025-03-26T10:41:03.400735-03:00","tipo":17,"regime_tramitacao":1,"tipo_origem_externa":null,"local_origem_externa":null,"user":8,"anexadas":[],"autores":[63]}