{"id":3914,"__str__":"Indica\u00e7\u00e3o n\u00ba 221 de 2025","link_detail_backend":"/materia/3914","metadata":{"signs":{"texto_original":{"admin":[],"autores":[["Jefferson dos Reis Padilha Goncalves",["2025-03-26T12:24:40-03:00","ICP-Brasil"]]]}}},"numero":221,"ano":2025,"numero_protocolo":562,"data_apresentacao":"2025-03-26","tipo_apresentacao":"","data_publicacao":null,"numero_origem_externa":"","ano_origem_externa":null,"data_origem_externa":null,"apelido":"","dias_prazo":null,"data_fim_prazo":null,"em_tramitacao":true,"polemica":false,"objeto":"","complementar":false,"ementa":"Instala\u00e7\u00e3o de um poste de ilumina\u00e7\u00e3o p\u00fablica na Rua Alameda dos Flamboyans, pr\u00f3ximo ao n\u00famero 695, no Jardim Primavera, visando refor\u00e7ar a seguran\u00e7a, melhorar a mobilidade noturna e proporcionar maior bem-estar \u00e0 comunidade local","indexacao":"","observacao":"","resultado":"","texto_original":"http://sapl.alfenas.mg.leg.br/media/sapl/public/materialegislativa/2025/3914/indicacao_221.2025_-guigui.pdf","data_ultima_atualizacao":"2025-04-01T10:01:24.405590-03:00","ip":"177.75.207.112","ultima_edicao":"2025-03-26T10:37:04.060300-03:00","tipo":17,"regime_tramitacao":1,"tipo_origem_externa":null,"local_origem_externa":null,"user":8,"anexadas":[],"autores":[63]}