{"id":3895,"__str__":"Projeto de Lei Ordin\u00e1ria n\u00ba 4 de 2025","link_detail_backend":"/materia/3895","metadata":{"signs":{"texto_original":{"admin":[],"autores":[["Braz Fernando da Silva",["2025-03-21T10:33:53-03:00","ICP-Brasil"]]]}}},"numero":4,"ano":2025,"numero_protocolo":530,"data_apresentacao":"2025-03-21","tipo_apresentacao":"","data_publicacao":null,"numero_origem_externa":"","ano_origem_externa":null,"data_origem_externa":null,"apelido":"","dias_prazo":null,"data_fim_prazo":null,"em_tramitacao":false,"polemica":false,"objeto":"","complementar":false,"ementa":"Reconhece a cavalgada tradicional como relevante interesse cultural de Alfenas e institui o \"Dia da Cavalgada\", no calend\u00e1rio oficial de eventos e d\u00e1 outras provid\u00eancias.","indexacao":"","observacao":"","resultado":"","texto_original":"http://sapl.alfenas.mg.leg.br/media/sapl/public/materialegislativa/2025/3895/projeto_de_lei_no_04.2025_-_braz_da_maquina-_assinado.pdf","data_ultima_atualizacao":"2025-09-12T19:06:14.133918-03:00","ip":"189.56.118.154","ultima_edicao":"2025-03-21T11:00:37.528649-03:00","tipo":9,"regime_tramitacao":1,"tipo_origem_externa":null,"local_origem_externa":null,"user":8,"anexadas":[],"autores":[24]}