{"id":3893,"__str__":"Requerimento n\u00ba 37 de 2025","link_detail_backend":"/materia/3893","metadata":{"signs":{"texto_original":{"admin":[],"autores":[["Matheus Paccini Pereira",["2025-03-21T11:23:35-03:00","ICP-Brasil"]]]}}},"numero":37,"ano":2025,"numero_protocolo":528,"data_apresentacao":"2025-03-21","tipo_apresentacao":"","data_publicacao":null,"numero_origem_externa":"","ano_origem_externa":null,"data_origem_externa":null,"apelido":"","dias_prazo":null,"data_fim_prazo":null,"em_tramitacao":true,"polemica":false,"objeto":"","complementar":false,"ementa":"Que seja informado, pela Secretaria de Educa\u00e7\u00e3o, a forma de funcionamento e acolhida \u00e0s crian\u00e7as com  Transtornos do Espectro Autista (TEA) no Centro Municipal do Autismo (CMA). As informa\u00e7\u00f5es pertinentes e que necessitam de esclarecimentos s\u00e3o:\r\nI - Qual a forma de encaminhamento para o CMA? Quais as institui\u00e7\u00f5es que mant\u00e9m contato direto com o CMA?\r\nII - Quantas pessoas/crian\u00e7as, atualmente, s\u00e3o atendidas?\r\nIII - Quantos profissionais - e de quais especialidades - disp\u00f5e, atualmente, o CMA?\r\nIV - Quantos n\u00facleos existem e qual a quantidade de atendimento por n\u00facleo?\r\nV - Como se d\u00e1 o funcionamento no que concerne \u00e0 gest\u00e3o, organiza\u00e7\u00e3o e ao atendimento ao p\u00fablico?\r\nVI - Qual \u00e9 a frequ\u00eancia com a qual o CMA se insere nas escolas do Munic\u00edpio,  considerando a necessidade","indexacao":"","observacao":"","resultado":"","texto_original":"http://sapl.alfenas.mg.leg.br/media/sapl/public/materialegislativa/2025/3893/requerimento_37.2025_-_matheus_-_assinado.pdf","data_ultima_atualizacao":"2025-09-11T17:30:46.773985-03:00","ip":"177.75.213.119","ultima_edicao":"2025-03-21T11:24:09.905477-03:00","tipo":14,"regime_tramitacao":1,"tipo_origem_externa":null,"local_origem_externa":null,"user":3,"anexadas":[4163],"autores":[64]}