{"id":3845,"__str__":"Mo\u00e7\u00e3o n\u00ba 16 de 2025","link_detail_backend":"/materia/3845","metadata":{"signs":{"texto_original":{"admin":[],"autores":[["Matheus Paccini Pereira",["2025-03-14T07:44:39-03:00","ICP-Brasil"]]]}}},"numero":16,"ano":2025,"numero_protocolo":447,"data_apresentacao":"2025-03-13","tipo_apresentacao":"","data_publicacao":null,"numero_origem_externa":"","ano_origem_externa":null,"data_origem_externa":null,"apelido":"","dias_prazo":null,"data_fim_prazo":null,"em_tramitacao":true,"polemica":false,"objeto":"","complementar":false,"ementa":"MO\u00c7\u00c3O DE CONGRATULA\u00c7\u00d5ES E APLAUSOS ao Rodrigo Mesquita Morais, Supervisor Pedag\u00f3gico da Escola Estadual Dr. Em\u00edlio Silveira, em reconhecimento pela sua colabora\u00e7\u00e3o na implanta\u00e7\u00e3o do Projeto Escola Acolhedora.","indexacao":"","observacao":"","resultado":"","texto_original":"http://sapl.alfenas.mg.leg.br/media/sapl/public/materialegislativa/2025/3845/mocao_16.2025.assinado.pdf","data_ultima_atualizacao":"2025-09-12T16:09:00.156339-03:00","ip":"177.75.199.11","ultima_edicao":"2025-03-14T07:46:14.800480-03:00","tipo":13,"regime_tramitacao":1,"tipo_origem_externa":null,"local_origem_externa":null,"user":3,"anexadas":[],"autores":[64]}