{"id":3822,"__str__":"Indica\u00e7\u00e3o n\u00ba 161 de 2025","link_detail_backend":"/materia/3822","metadata":{"signs":{"texto_original":{"admin":[],"autores":[["Cirlei Jose de Carvalho",["2025-03-06T17:10:19-03:00","ICP-Brasil"]]]}}},"numero":161,"ano":2025,"numero_protocolo":391,"data_apresentacao":"2025-03-06","tipo_apresentacao":"","data_publicacao":null,"numero_origem_externa":"","ano_origem_externa":null,"data_origem_externa":null,"apelido":"","dias_prazo":null,"data_fim_prazo":null,"em_tramitacao":true,"polemica":false,"objeto":"","complementar":false,"ementa":"Vem indicar ao Executivo Municipal, por meio da Superintend\u00eancia Municipal de Transporte e Tr\u00e2nsito, que seja feito estudo para implanta\u00e7\u00e3o de sinaliza\u00e7\u00e3o indicativa de \"Rua sem Sa\u00edda\" (padr\u00e3o Contran - conforme estabelecido no Manual Brasileiro de Sinaliza\u00e7\u00e3o de Tr\u00e2nsito, Vol. II - Sinaliza\u00e7\u00e3o de Advert\u00eancia \u2013 modelo anexo), em ruas nesta condi\u00e7\u00e3o no munic\u00edpio. Em espec\u00edfico temos como exemplo a Rua Jos\u00e9 Ferreira de Morais \u2013 Jardim Aeroporto (final da rua) e tamb\u00e9m da Rua Areado - Centro (in\u00edcio da rua).","indexacao":"","observacao":"","resultado":"","texto_original":"http://sapl.alfenas.mg.leg.br/media/sapl/public/materialegislativa/2025/3822/indicacao_161.2025_-_cirlei_assinada.pdf","data_ultima_atualizacao":"2025-03-11T14:57:41.667033-03:00","ip":"189.56.118.154","ultima_edicao":"2025-03-07T10:02:36.967643-03:00","tipo":17,"regime_tramitacao":1,"tipo_origem_externa":null,"local_origem_externa":null,"user":8,"anexadas":[],"autores":[59]}