{"id":3811,"__str__":"Indica\u00e7\u00e3o n\u00ba 153 de 2025","link_detail_backend":"/materia/3811","metadata":{"signs":{"texto_original":{"admin":[],"autores":[["Braz Fernando da Silva",["2025-02-28T08:36:08-03:00","ICP-Brasil"]]]}}},"numero":153,"ano":2025,"numero_protocolo":354,"data_apresentacao":"2025-02-25","tipo_apresentacao":"","data_publicacao":null,"numero_origem_externa":"","ano_origem_externa":null,"data_origem_externa":null,"apelido":"","dias_prazo":null,"data_fim_prazo":null,"em_tramitacao":true,"polemica":false,"objeto":"","complementar":false,"ementa":"Solicito a possibilidade de fazer um banheiro masculino e um banheiro feminino, na Pra\u00e7a ao lado do Lar S\u00e3o Vicente, onde os motoristas frequentam e estacionam os caminh\u00f5es, para o bem estar da popula\u00e7\u00e3o.","indexacao":"","observacao":"","resultado":"","texto_original":"http://sapl.alfenas.mg.leg.br/media/sapl/public/materialegislativa/2025/3811/indicacao_153.2025_-_braz-_assinada.pdf","data_ultima_atualizacao":"2025-03-11T14:57:39.385640-03:00","ip":"189.56.118.154","ultima_edicao":"2025-02-28T08:53:43.964941-03:00","tipo":17,"regime_tramitacao":1,"tipo_origem_externa":null,"local_origem_externa":null,"user":8,"anexadas":[],"autores":[24]}