{"id":3801,"__str__":"Indica\u00e7\u00e3o n\u00ba 146 de 2025","link_detail_backend":"/materia/3801","metadata":{"signs":{"texto_original":{"admin":[],"autores":[["Jose Batista Neto",["2025-02-20T16:18:14-03:00","ICP-Brasil"]]]}}},"numero":146,"ano":2025,"numero_protocolo":320,"data_apresentacao":"2025-02-20","tipo_apresentacao":"","data_publicacao":null,"numero_origem_externa":"","ano_origem_externa":null,"data_origem_externa":null,"apelido":"","dias_prazo":null,"data_fim_prazo":null,"em_tramitacao":false,"polemica":false,"objeto":"","complementar":false,"ementa":"Indica  \u00e0s  SECRETARIAS DE MEIO AMBIENTE e OBRAS que providenciem na Avenida Rui Martins de Souza (Jardim da Colina/ Jardim Santa Maria II), a constru\u00e7\u00e3o de passeios e  limpeza dos matos que cresce desordenadamente em suas laterais, bem como que instalem bra\u00e7os e l\u00e2mpadas nos poste j\u00e1 existentes nesta via.","indexacao":"","observacao":"","resultado":"","texto_original":"http://sapl.alfenas.mg.leg.br/media/sapl/public/materialegislativa/2025/3801/indicacao_146.2025_-_jose_batista_avenida.pdf","data_ultima_atualizacao":"2025-02-25T11:25:36.461426-03:00","ip":"143.255.114.74","ultima_edicao":"2025-02-20T16:57:35.693512-03:00","tipo":17,"regime_tramitacao":1,"tipo_origem_externa":null,"local_origem_externa":null,"user":8,"anexadas":[],"autores":[68]}