{"id":3789,"__str__":"Indica\u00e7\u00e3o n\u00ba 135 de 2025","link_detail_backend":"/materia/3789","metadata":{"signs":{"texto_original":{"admin":[],"autores":[["Cirlei Jose de Carvalho",["2025-02-18T13:40:23-03:00","ICP-Brasil"]]]}}},"numero":135,"ano":2025,"numero_protocolo":297,"data_apresentacao":"2025-02-17","tipo_apresentacao":"","data_publicacao":null,"numero_origem_externa":"","ano_origem_externa":null,"data_origem_externa":null,"apelido":"","dias_prazo":null,"data_fim_prazo":null,"em_tramitacao":false,"polemica":false,"objeto":"","complementar":false,"ementa":"Reitera\u00e7\u00e3o sobre a disponibiliza\u00e7\u00e3o de espa\u00e7o para formaturas de alunos carentes da rede p\u00fablica estadual","indexacao":"","observacao":"","resultado":"","texto_original":"http://sapl.alfenas.mg.leg.br/media/sapl/public/materialegislativa/2025/3789/indicacao_135.2025_-_cirlei_assinada.pdf","data_ultima_atualizacao":"2025-02-25T11:42:03.438160-03:00","ip":"143.255.114.74","ultima_edicao":"2025-02-20T07:51:32.816118-03:00","tipo":17,"regime_tramitacao":1,"tipo_origem_externa":null,"local_origem_externa":null,"user":8,"anexadas":[],"autores":[59]}