{"id":3783,"__str__":"Indica\u00e7\u00e3o n\u00ba 132 de 2025","link_detail_backend":"/materia/3783","metadata":{"signs":{"texto_original":{"admin":[],"autores":[["Matheus Paccini Pereira",["2025-02-14T10:15:30-03:00","ICP-Brasil"]]]}}},"numero":132,"ano":2025,"numero_protocolo":280,"data_apresentacao":"2025-02-14","tipo_apresentacao":"","data_publicacao":null,"numero_origem_externa":"","ano_origem_externa":null,"data_origem_externa":null,"apelido":"","dias_prazo":null,"data_fim_prazo":null,"em_tramitacao":true,"polemica":false,"objeto":"","complementar":false,"ementa":"Implementar a Tarifa Zero no transporte de Alfenas, ressaltando a import\u00e2ncia desse direito constitucional que impacta positivamente a mobilidade urbana, o impacto ambiental e as condi\u00e7\u00f5es sociais.","indexacao":"","observacao":"","resultado":"","texto_original":"http://sapl.alfenas.mg.leg.br/media/sapl/public/materialegislativa/2025/3783/indicacao_132.2025_-_matheus.pdf","data_ultima_atualizacao":"2025-02-18T10:54:50.469811-03:00","ip":"143.255.114.74","ultima_edicao":"2025-02-14T10:11:25.822907-03:00","tipo":17,"regime_tramitacao":1,"tipo_origem_externa":null,"local_origem_externa":null,"user":8,"anexadas":[],"autores":[64]}