{"id":3775,"__str__":"Indica\u00e7\u00e3o n\u00ba 126 de 2025","link_detail_backend":"/materia/3775","metadata":{"signs":{"texto_original":{"admin":[],"autores":[["Gilmar Costa da Silva",["2025-02-14T10:23:51-03:00","ICP-Brasil"]]]}}},"numero":126,"ano":2025,"numero_protocolo":271,"data_apresentacao":"2025-02-14","tipo_apresentacao":"","data_publicacao":null,"numero_origem_externa":"","ano_origem_externa":null,"data_origem_externa":null,"apelido":"","dias_prazo":null,"data_fim_prazo":null,"em_tramitacao":true,"polemica":false,"objeto":"","complementar":false,"ementa":"Solicita a cria\u00e7\u00e3o de um projeto de Lei que disponha sobre a implanta\u00e7\u00e3o de servi\u00e7os de psicologia e de servi\u00e7o social nas escolas p\u00fablicas do munic\u00edpio de Alfenas, conforme Anteprojeto de Lei anexo.","indexacao":"","observacao":"","resultado":"","texto_original":"http://sapl.alfenas.mg.leg.br/media/sapl/public/materialegislativa/2025/3775/indicacao_126.2025_-_gilmar.assinado.pdf","data_ultima_atualizacao":"2025-02-18T10:54:49.345569-03:00","ip":"143.255.114.74","ultima_edicao":"2025-02-14T10:39:59.907430-03:00","tipo":17,"regime_tramitacao":1,"tipo_origem_externa":null,"local_origem_externa":null,"user":14,"anexadas":[],"autores":[61]}