{"id":3773,"__str__":"Indica\u00e7\u00e3o n\u00ba 124 de 2025","link_detail_backend":"/materia/3773","metadata":{"signs":{"texto_original":{"admin":[],"autores":[["Gilmar Costa da Silva",["2025-02-14T10:27:11-03:00","ICP-Brasil"]]]}}},"numero":124,"ano":2025,"numero_protocolo":269,"data_apresentacao":"2025-02-14","tipo_apresentacao":"","data_publicacao":null,"numero_origem_externa":"","ano_origem_externa":null,"data_origem_externa":null,"apelido":"","dias_prazo":null,"data_fim_prazo":null,"em_tramitacao":true,"polemica":false,"objeto":"","complementar":false,"ementa":"Providenciar a cria\u00e7\u00e3o de uma vaga de estacionamento reservada aos deficientes f\u00edsicos, bem como aumentar o n\u00famero de vagas para motocicletas, na Pra\u00e7a Dr. Em\u00edlio da Silveira, pr\u00f3ximo a Escola Estadual Coronel Jos\u00e9 Bento.","indexacao":"","observacao":"","resultado":"","texto_original":"http://sapl.alfenas.mg.leg.br/media/sapl/public/materialegislativa/2025/3773/indicacao_124.2025_-_gilmar.assinado.pdf","data_ultima_atualizacao":"2025-02-18T10:54:49.012435-03:00","ip":"143.255.114.74","ultima_edicao":"2025-02-14T10:38:01.709673-03:00","tipo":17,"regime_tramitacao":1,"tipo_origem_externa":null,"local_origem_externa":null,"user":14,"anexadas":[],"autores":[61]}