{"id":3756,"__str__":"Indica\u00e7\u00e3o n\u00ba 111 de 2025","link_detail_backend":"/materia/3756","metadata":{"signs":{"texto_original":{"admin":[],"autores":[["Braz Fernando da Silva",["2025-02-13T12:22:00-03:00","ICP-Brasil"]]]}}},"numero":111,"ano":2025,"numero_protocolo":234,"data_apresentacao":"2025-02-10","tipo_apresentacao":"","data_publicacao":null,"numero_origem_externa":"","ano_origem_externa":null,"data_origem_externa":null,"apelido":"","dias_prazo":null,"data_fim_prazo":null,"em_tramitacao":true,"polemica":false,"objeto":"","complementar":false,"ementa":"Solicita a cria\u00e7\u00e3o de vagas de carro e moto para pessoas com defici\u00eancia f\u00edsica na pra\u00e7a Get\u00falio Vargas, a fim de fazer valer a Pol\u00edtica Municipal de Acessibilidade.","indexacao":"","observacao":"","resultado":"","texto_original":"http://sapl.alfenas.mg.leg.br/media/sapl/public/materialegislativa/2025/3756/indicacao_111.2025_-_braz-_assinada.pdf","data_ultima_atualizacao":"2025-02-18T10:54:46.555130-03:00","ip":"189.56.118.154","ultima_edicao":"2025-02-13T16:05:58.551786-03:00","tipo":17,"regime_tramitacao":1,"tipo_origem_externa":null,"local_origem_externa":null,"user":8,"anexadas":[],"autores":[24]}