{"id":3755,"__str__":"Indica\u00e7\u00e3o n\u00ba 110 de 2025","link_detail_backend":"/materia/3755","metadata":{"signs":{"texto_original":{"admin":[],"autores":[["Braz Fernando da Silva",["2025-02-12T12:32:01-03:00","ICP-Brasil"]]]}}},"numero":110,"ano":2025,"numero_protocolo":232,"data_apresentacao":"2025-02-10","tipo_apresentacao":"","data_publicacao":null,"numero_origem_externa":"","ano_origem_externa":null,"data_origem_externa":null,"apelido":"","dias_prazo":null,"data_fim_prazo":null,"em_tramitacao":true,"polemica":false,"objeto":"","complementar":false,"ementa":"Solicita a pintura  de sinaliza\u00e7\u00e3o horizontal em frente a APAE (Associa\u00e7\u00e3o de Pais e Amigos dos Excepcionais de Alfenas) com identifica\u00e7\u00e3o de parada de \u00f4nibus e Van, com o uso do s\u00edmbolo internacional de acesso, bem como o aumento do espa\u00e7o das vagas para \u00f4nibus e Van estacionarem com seguran\u00e7a.","indexacao":"","observacao":"","resultado":"","texto_original":"http://sapl.alfenas.mg.leg.br/media/sapl/public/materialegislativa/2025/3755/indicacao_110.2025_-_braz-_assinada.pdf","data_ultima_atualizacao":"2025-02-18T10:54:45.515791-03:00","ip":"189.56.118.154","ultima_edicao":"2025-02-13T09:10:04.513879-03:00","tipo":17,"regime_tramitacao":1,"tipo_origem_externa":null,"local_origem_externa":null,"user":8,"anexadas":[],"autores":[24]}