{"id":3752,"__str__":"Indica\u00e7\u00e3o n\u00ba 107 de 2025","link_detail_backend":"/materia/3752","metadata":{"signs":{"texto_original":{"admin":[],"autores":[["Evanilson Pereira de Andrade",["2025-02-07T11:28:47-03:00","ICP-Brasil"]]]}}},"numero":107,"ano":2025,"numero_protocolo":227,"data_apresentacao":"2025-02-07","tipo_apresentacao":"","data_publicacao":null,"numero_origem_externa":"","ano_origem_externa":null,"data_origem_externa":null,"apelido":"","dias_prazo":null,"data_fim_prazo":null,"em_tramitacao":true,"polemica":false,"objeto":"","complementar":false,"ementa":"Que verifique junto ao setor competente, a possibilidade de autoriza\u00e7\u00e3o para que os dentistas efetivos que possuem carga hor\u00e1ria de 20h semanais, possam optar pela manuten\u00e7\u00e3o ou pelo aumento de sua carga hor\u00e1ria para 40h semanais, assim como foi estabelecida na jornada de trabalho dos dentistas, pelo Edital de Concurso P\u00fablico n\u00ba 01/2016.","indexacao":"","observacao":"","resultado":"","texto_original":"http://sapl.alfenas.mg.leg.br/media/sapl/public/materialegislativa/2025/3752/indicacao_107.2025_-ratinho.assinado.pdf","data_ultima_atualizacao":"2025-02-13T15:06:06.610529-03:00","ip":"189.56.118.154","ultima_edicao":"2025-02-13T15:06:06.410716-03:00","tipo":17,"regime_tramitacao":1,"tipo_origem_externa":null,"local_origem_externa":null,"user":3,"anexadas":[],"autores":[33]}