{"id":3730,"__str__":"Indica\u00e7\u00e3o n\u00ba 93 de 2025","link_detail_backend":"/materia/3730","metadata":{"signs":{"texto_original":{"admin":[],"autores":[["Jefferson dos Reis Padilha Goncalves",["2025-02-07T11:47:49-03:00","ICP-Brasil"]]]}}},"numero":93,"ano":2025,"numero_protocolo":206,"data_apresentacao":"2025-02-06","tipo_apresentacao":"","data_publicacao":null,"numero_origem_externa":"","ano_origem_externa":null,"data_origem_externa":null,"apelido":"","dias_prazo":null,"data_fim_prazo":null,"em_tramitacao":true,"polemica":false,"objeto":"","complementar":false,"ementa":"Indica a implanta\u00e7\u00e3o de uma creche municipal no local do antigo albergue de Alfenas, na Rua Rodolfo Prado, cruzamento com a Avenida Lincoln Westin da Silveira, j\u00e1 que trata-se de um espa\u00e7o com excelente localiza\u00e7\u00e3o estrat\u00e9gica, bem tamb\u00e9m para a otimiza\u00e7\u00e3o do uso do im\u00f3vel p\u00fablico, garantindo sua fun\u00e7\u00e3o social.","indexacao":"","observacao":"","resultado":"","texto_original":"http://sapl.alfenas.mg.leg.br/media/sapl/public/materialegislativa/2025/3730/93_2025_assinado.pdf","data_ultima_atualizacao":"2025-02-11T09:53:21.108717-03:00","ip":"143.255.114.74","ultima_edicao":"2025-02-07T11:48:39.291149-03:00","tipo":17,"regime_tramitacao":1,"tipo_origem_externa":null,"local_origem_externa":null,"user":14,"anexadas":[],"autores":[63]}