{"id":3681,"__str__":"Requerimento n\u00ba 11 de 2025","link_detail_backend":"/materia/3681","metadata":{},"numero":11,"ano":2025,"numero_protocolo":131,"data_apresentacao":"2025-01-24","tipo_apresentacao":"","data_publicacao":null,"numero_origem_externa":"","ano_origem_externa":null,"data_origem_externa":null,"apelido":"","dias_prazo":null,"data_fim_prazo":null,"em_tramitacao":true,"polemica":false,"objeto":"","complementar":false,"ementa":"O Vereador Thalles Silva Gomes, no uso de suas atribui\u00e7\u00f5es regimentais, vem respeitosamente requerer que seja encaminhado ao Excelent\u00edssimo Senhor Prefeito Municipal e \u00e0 Secretaria Municipal de Sa\u00fade o presente REQUERIMENTO, solicitando informa\u00e7\u00f5es detalhadas sobre a realiza\u00e7\u00e3o de cirurgias eletivas no munic\u00edpio.","indexacao":"","observacao":"","resultado":"","texto_original":"http://sapl.alfenas.mg.leg.br/media/sapl/public/materialegislativa/2025/3681/requerimento0024.pdf","data_ultima_atualizacao":"2025-09-11T17:20:48.886868-03:00","ip":"177.75.206.49","ultima_edicao":"2025-01-24T11:49:36.806316-03:00","tipo":14,"regime_tramitacao":1,"tipo_origem_externa":null,"local_origem_externa":null,"user":8,"anexadas":[4082],"autores":[67]}