{"id":3273,"__str__":"Projeto de Lei Ordin\u00e1ria n\u00ba 33 de 2024","link_detail_backend":"/materia/3273","metadata":{"signs":{"texto_original":{"admin":[],"autores":[["Marcio Fernando Costa",["2024-08-30T11:26:36-03:00","ICP-Brasil"]]]}}},"numero":33,"ano":2024,"numero_protocolo":1713,"data_apresentacao":"2024-08-30","tipo_apresentacao":"","data_publicacao":null,"numero_origem_externa":"","ano_origem_externa":null,"data_origem_externa":null,"apelido":"","dias_prazo":null,"data_fim_prazo":null,"em_tramitacao":true,"polemica":false,"objeto":"","complementar":false,"ementa":"Declara de Utilidade P\u00fablica a Associa\u00e7\u00e3o dos Feirantes das Feiras Livres de Alfenas \u2013 AFFLA.","indexacao":"","observacao":"","resultado":"","texto_original":"http://sapl.alfenas.mg.leg.br/media/sapl/public/materialegislativa/2024/3273/dunga_33_-_utilidade_publica_assinado.pdf","data_ultima_atualizacao":"2025-09-12T14:32:19.778979-03:00","ip":"177.75.213.7","ultima_edicao":"2024-08-30T11:43:27.644735-03:00","tipo":9,"regime_tramitacao":1,"tipo_origem_externa":null,"local_origem_externa":null,"user":8,"anexadas":[],"autores":[31]}