{"id":3118,"__str__":"Indica\u00e7\u00e3o n\u00ba 597 de 2024","link_detail_backend":"/materia/3118","metadata":{"signs":{"texto_original":{"admin":[],"autores":[["Marcio Fernando Costa",["2024-06-21T11:00:41-03:00","ICP-Brasil"]]]}}},"numero":597,"ano":2024,"numero_protocolo":1363,"data_apresentacao":"2024-06-21","tipo_apresentacao":"","data_publicacao":null,"numero_origem_externa":"","ano_origem_externa":null,"data_origem_externa":null,"apelido":"","dias_prazo":null,"data_fim_prazo":null,"em_tramitacao":true,"polemica":false,"objeto":"","complementar":false,"ementa":"Indica a possibilidade de contrata\u00e7\u00e3o de mais profissionais de terapia ocupacional, neuropsic\u00f3logo e outros,  para prestar atendimento nos n\u00facleos do CMA (Centro Municipal do Autismo).","indexacao":"","observacao":"","resultado":"","texto_original":"http://sapl.alfenas.mg.leg.br/media/sapl/public/materialegislativa/2024/3118/indicacao_597_-_dunga_assinada.pdf","data_ultima_atualizacao":"2024-06-25T11:03:45.124233-03:00","ip":"177.75.206.201","ultima_edicao":"2024-06-21T11:02:09.999947-03:00","tipo":17,"regime_tramitacao":1,"tipo_origem_externa":null,"local_origem_externa":null,"user":8,"anexadas":[],"autores":[31]}