{"id":2953,"__str__":"Mo\u00e7\u00e3o n\u00ba 36 de 2024","link_detail_backend":"/materia/2953","metadata":{"signs":{"texto_original":{"admin":[],"autores":[["Katia Geralda Silva Goyata",["2024-05-23T10:10:29-03:00","ICP-Brasil"]]]}}},"numero":36,"ano":2024,"numero_protocolo":1100,"data_apresentacao":"2024-05-21","tipo_apresentacao":"","data_publicacao":null,"numero_origem_externa":"","ano_origem_externa":null,"data_origem_externa":null,"apelido":"","dias_prazo":null,"data_fim_prazo":null,"em_tramitacao":true,"polemica":false,"objeto":"","complementar":false,"ementa":"Senhor Presidente, \r\nSenhores Vereadores,\r\n\r\na Vereadora que subscreve a presente, prop\u00f5e, ap\u00f3s ouvido o Plen\u00e1rio e nos termos do artigo 109 da Resolu\u00e7\u00e3o n\u00ba 04/2016 \u2013 Regimento Interno desta Casa Legislativa, com pedido de inser\u00e7\u00e3o em ata, que seja encaminhada a presente mo\u00e7\u00e3o de pesar \u00e0 fam\u00edlia do Sr. Ademir Andrade de Carvalho, em virtude do seu falecimento, nos seguintes termos: \r\n \r\nJ U S T I F I C A T I V A \r\n \r\nFoi com grande consterna\u00e7\u00e3o que recebi a not\u00edcia do falecimento do Sr. Ademir Andrade de Carvalho\r\nSua aus\u00eancia deixa profundas saudades no seio de sua fam\u00edlia e amigos, ent\u00e3o, sem poder traduzir os verdadeiros sentimentos que nos assolam neste momento t\u00e3o dif\u00edcil, transmito aos seus familiares as mais sinceras condol\u00eancias.\r\nN\u00e3o h\u00e1 nenhuma dor que se compare \u00e0 perda de um ente querido, ou que repare o sofrimento de ver algu\u00e9m quem amamos partir. Por\u00e9m, h\u00e1 coisas que est\u00e3o muito acima de n\u00f3s, restando-nos apenas a resigna\u00e7\u00e3o e o conforto nas boas lembran\u00e7as que ficam.\r\nMinha solidariedade a esposa Delma Esteves Rocha de Carvalho, aos filhos Marcela Esteves Rocha Monteiro, Carlos Ant\u00f4nio Rocha de Carvalho, Eug\u00eanio Felipe Rocha de Carvalho, aos netos, aos familiares e aos amigos, que Deus conforte a todos.","indexacao":"","observacao":"","resultado":"","texto_original":"http://sapl.alfenas.mg.leg.br/media/sapl/public/materialegislativa/2024/2953/mocao_36_-_katia_assinado.pdf","data_ultima_atualizacao":"2025-09-12T16:12:17.162296-03:00","ip":"177.75.207.92","ultima_edicao":"2024-05-29T11:53:44.256058-03:00","tipo":13,"regime_tramitacao":1,"tipo_origem_externa":null,"local_origem_externa":null,"user":3,"anexadas":[],"autores":[22]}