{"id":2744,"__str__":"Indica\u00e7\u00e3o n\u00ba 411 de 2024","link_detail_backend":"/materia/2744","metadata":{"signs":{"texto_original":{"admin":[],"autores":[["Braz Fernando da Silva",["2024-05-02T11:44:57-03:00","ICP-Brasil"]]]}}},"numero":411,"ano":2024,"numero_protocolo":909,"data_apresentacao":"2024-04-30","tipo_apresentacao":"","data_publicacao":null,"numero_origem_externa":"","ano_origem_externa":null,"data_origem_externa":null,"apelido":"","dias_prazo":null,"data_fim_prazo":null,"em_tramitacao":true,"polemica":false,"objeto":"","complementar":false,"ementa":"|Solicita a troca dos  bra\u00e7os de luz existentes, por bra\u00e7os de luz maiores  e tamb\u00e9m trocar as l\u00e2mpadas que s\u00e3o fracas por l\u00e2mpadas mais fortes nos postes que ficam em torno da pracinha da antiga igreja S\u00e3o Pedro.","indexacao":"","observacao":"","resultado":"","texto_original":"http://sapl.alfenas.mg.leg.br/media/sapl/public/materialegislativa/2024/2744/indicacao_411_-_braz-_assinado.pdf","data_ultima_atualizacao":"2024-05-03T10:34:13.464245-03:00","ip":"177.75.207.99","ultima_edicao":"2024-05-02T12:31:09.444188-03:00","tipo":17,"regime_tramitacao":1,"tipo_origem_externa":null,"local_origem_externa":null,"user":14,"anexadas":[],"autores":[24]}