{"id":2714,"__str__":"Mo\u00e7\u00e3o n\u00ba 25 de 2024","link_detail_backend":"/materia/2714","metadata":{"signs":{"texto_original":{"admin":[],"autores":[["Teresa Suelene de Paula",["2024-04-26T08:57:40-03:00","ICP-Brasil"]]]}}},"numero":25,"ano":2024,"numero_protocolo":868,"data_apresentacao":"2024-04-25","tipo_apresentacao":"","data_publicacao":null,"numero_origem_externa":"","ano_origem_externa":null,"data_origem_externa":null,"apelido":"","dias_prazo":null,"data_fim_prazo":null,"em_tramitacao":true,"polemica":false,"objeto":"","complementar":false,"ementa":"Mo\u00e7\u00e3o de pesar em decorr\u00eancia do falecimento de Osmair Carlos Pessoa.","indexacao":"","observacao":"","resultado":"","texto_original":"http://sapl.alfenas.mg.leg.br/media/sapl/public/materialegislativa/2024/2714/mocao_25_-_teresa_assinada.pdf","data_ultima_atualizacao":"2024-04-30T14:51:54.067952-03:00","ip":"177.75.207.141","ultima_edicao":"2024-04-26T09:09:42.257407-03:00","tipo":13,"regime_tramitacao":1,"tipo_origem_externa":null,"local_origem_externa":null,"user":7,"anexadas":[],"autores":[25]}