{"id":2495,"__str__":"Indica\u00e7\u00e3o n\u00ba 349 de 2024","link_detail_backend":"/materia/2495","metadata":{"signs":{"texto_original":{"admin":[],"autores":[["Jose Carlos de Morais",["2024-04-12T09:45:10-03:00","ICP-Brasil"]]]}}},"numero":349,"ano":2024,"numero_protocolo":749,"data_apresentacao":"2024-04-11","tipo_apresentacao":"","data_publicacao":null,"numero_origem_externa":"","ano_origem_externa":null,"data_origem_externa":null,"apelido":"","dias_prazo":null,"data_fim_prazo":null,"em_tramitacao":true,"polemica":false,"objeto":"","complementar":false,"ementa":"Solicito ao \u00f3rg\u00e3o competente, a possibilidade de efetuar pintura da sinaliza\u00e7\u00e3o de solo delimitando o espa\u00e7o para estacionamento de motos na Rua Le\u00e3o de Faria \u2013 Centro, ao lado do port\u00e3o do Col\u00e9gio Sagrado Cora\u00e7\u00e3o de Jesus. (Conforme foto em anexo)","indexacao":"","observacao":"","resultado":"","texto_original":"http://sapl.alfenas.mg.leg.br/media/sapl/public/materialegislativa/2024/2495/indicacao_349_-_vardema.assinado.pdf","data_ultima_atualizacao":"2024-04-17T09:26:52.394769-03:00","ip":"177.43.114.10","ultima_edicao":"2024-04-12T09:45:41.093115-03:00","tipo":17,"regime_tramitacao":1,"tipo_origem_externa":null,"local_origem_externa":null,"user":10,"anexadas":[],"autores":[32]}