{"id":2466,"__str__":"Requerimento n\u00ba 9 de 2024","link_detail_backend":"/materia/2466","metadata":{"signs":{"texto_original":{"admin":[],"autores":[["Teresa Suelene de Paula",["2024-04-11T21:33:27-03:00","ICP-Brasil"]]]}}},"numero":9,"ano":2024,"numero_protocolo":736,"data_apresentacao":"2024-04-11","tipo_apresentacao":"","data_publicacao":null,"numero_origem_externa":"","ano_origem_externa":null,"data_origem_externa":null,"apelido":"","dias_prazo":null,"data_fim_prazo":null,"em_tramitacao":true,"polemica":false,"objeto":"","complementar":false,"ementa":"Solicita informa\u00e7\u00f5es relacionadas a distribui\u00e7\u00e3o de cestas b\u00e1sicas em nosso Munic\u00edpio pelo assistencialismo social (CRAS):","indexacao":"","observacao":"","resultado":"","texto_original":"http://sapl.alfenas.mg.leg.br/media/sapl/public/materialegislativa/2024/2466/requerimento_no_09.2024_-_teresa_assinado.pdf","data_ultima_atualizacao":"2025-09-11T17:55:33.929225-03:00","ip":"177.43.114.10","ultima_edicao":"2024-04-12T09:49:48.525519-03:00","tipo":14,"regime_tramitacao":1,"tipo_origem_externa":null,"local_origem_externa":null,"user":8,"anexadas":[],"autores":[25]}