{"id":1894,"__str__":"Projeto de Lei Ordin\u00e1ria n\u00ba 20 de 2022","link_detail_backend":"/materia/1894","metadata":{},"numero":20,"ano":2022,"numero_protocolo":null,"data_apresentacao":"2022-03-17","tipo_apresentacao":"","data_publicacao":null,"numero_origem_externa":"","ano_origem_externa":null,"data_origem_externa":null,"apelido":"","dias_prazo":null,"data_fim_prazo":null,"em_tramitacao":true,"polemica":false,"objeto":"","complementar":false,"ementa":"Institui, no \u00e2mbito do Munic\u00edpio de Alfenas, o \"Dia do Violeiro\", incluindo-o no calend\u00e1rio oficial de nosso munic\u00edpio no dia 18 de maio de cada ano, e d\u00e1 outras provid\u00eancias.","indexacao":"","observacao":"","resultado":"","texto_original":"http://sapl.alfenas.mg.leg.br/media/sapl/public/materialegislativa/2022/1894/1-1-mensagem-no-20.2022.pdf","data_ultima_atualizacao":"2023-12-12T14:52:52.740883-03:00","ip":"177.43.114.10","ultima_edicao":"2023-12-12T14:52:52.569417-03:00","tipo":9,"regime_tramitacao":1,"tipo_origem_externa":null,"local_origem_externa":null,"user":4,"anexadas":[],"autores":[50]}