{"id":1844,"__str__":"Indica\u00e7\u00e3o n\u00ba 953 de 2023","link_detail_backend":"/materia/1844","metadata":{"signs":{"texto_original":{"admin":[],"autores":[["Jose Carlos de Morais",["2023-12-08T10:18:30-03:00","ICP-Brasil"]]]}}},"numero":953,"ano":2023,"numero_protocolo":3117,"data_apresentacao":"2023-12-07","tipo_apresentacao":"","data_publicacao":null,"numero_origem_externa":"","ano_origem_externa":null,"data_origem_externa":null,"apelido":"","dias_prazo":null,"data_fim_prazo":null,"em_tramitacao":true,"polemica":false,"objeto":"","complementar":false,"ementa":"Solicita ao \u00f3rg\u00e3o competente, a possibilidade de colocar gramas sint\u00e9tica no Campo do N\u00e1utico Clube .","indexacao":"","observacao":"","resultado":"","texto_original":"http://sapl.alfenas.mg.leg.br/media/sapl/public/materialegislativa/2023/1844/indicacao_953_-_vardema.assinado.pdf","data_ultima_atualizacao":"2023-12-12T09:25:51.931225-03:00","ip":"177.43.114.10","ultima_edicao":"2023-12-08T10:18:51.143096-03:00","tipo":17,"regime_tramitacao":1,"tipo_origem_externa":null,"local_origem_externa":null,"user":10,"anexadas":[],"autores":[32]}