{"id":1820,"__str__":"Indica\u00e7\u00e3o n\u00ba 934 de 2023","link_detail_backend":"/materia/1820","metadata":{"signs":{"texto_original":{"admin":[],"autores":[["Tani Rose Ribeiro",["2023-12-01T11:56:19-03:00","ICP-Brasil"]]]}}},"numero":934,"ano":2023,"numero_protocolo":3078,"data_apresentacao":"2023-12-01","tipo_apresentacao":"","data_publicacao":null,"numero_origem_externa":"","ano_origem_externa":null,"data_origem_externa":null,"apelido":"","dias_prazo":null,"data_fim_prazo":null,"em_tramitacao":false,"polemica":false,"objeto":"","complementar":false,"ementa":"Indico ao Sr. Prefeito Municipal, na forma regimental, seja inclu\u00eddo no or\u00e7amento do pr\u00f3ximo ano  a\u00e7\u00f5es espec\u00edficas para a primeira inf\u00e2ncia.\r\n1. *Educa\u00e7\u00e3o Infantil*: Amplia\u00e7\u00e3o de creches e pr\u00e9-escolas, com foco na qualidade pedag\u00f3gica e infraestrutura.\r\n 2. *Sa\u00fade*: Programas de vacina\u00e7\u00e3o, nutri\u00e7\u00e3o e acompanhamento m\u00e9dico regular para crian\u00e7as de at\u00e9 6 anos. \r\n3. *Assist\u00eancia Social*: Apoio a fam\u00edlias carentes com crian\u00e7as pequenas, incluindo subs\u00eddios e programas de capacita\u00e7\u00e3o parental. \r\n4. *Intersetorialidade*: Coordena\u00e7\u00e3o entre os setores de educa\u00e7\u00e3o, sa\u00fade e assist\u00eancia social para um atendimento integrado \u00e0 crian\u00e7a e fam\u00edlia.","indexacao":"","observacao":"","resultado":"","texto_original":"http://sapl.alfenas.mg.leg.br/media/sapl/public/materialegislativa/2023/1820/indicacao_934_-_tani_rose_assinada.pdf","data_ultima_atualizacao":"2024-02-16T13:42:27.973732-03:00","ip":"177.75.207.220","ultima_edicao":"2023-12-01T11:57:34.655545-03:00","tipo":17,"regime_tramitacao":1,"tipo_origem_externa":null,"local_origem_externa":null,"user":8,"anexadas":[],"autores":[28]}