{"id":1815,"__str__":"Projeto de Lei Ordin\u00e1ria n\u00ba 78 de 2023","link_detail_backend":"/materia/1815","metadata":{"signs":{"texto_original":{"admin":[],"autores":[["Fabio Marques Florencio",["2023-12-01T10:34:02-03:00","Gov-Br"]]]}}},"numero":78,"ano":2023,"numero_protocolo":3072,"data_apresentacao":"2023-12-01","tipo_apresentacao":"","data_publicacao":null,"numero_origem_externa":"","ano_origem_externa":null,"data_origem_externa":null,"apelido":"","dias_prazo":null,"data_fim_prazo":null,"em_tramitacao":false,"polemica":false,"objeto":"","complementar":false,"ementa":"Autoriza o repasse de contribui\u00e7\u00e3o a Associa\u00e7\u00e3o dos Deficientes Visuais de Alfenas, e d\u00e1 outras provid\u00eancias.","indexacao":"","observacao":"","resultado":"","texto_original":"http://sapl.alfenas.mg.leg.br/media/sapl/public/materialegislativa/2023/1815/mensagem_070.2023_-_repasse_ao_grupo_conviver_ok_assinado.pdf","data_ultima_atualizacao":"2025-09-12T19:26:37.148243-03:00","ip":"177.43.114.10","ultima_edicao":"2024-05-10T15:26:49.349521-03:00","tipo":9,"regime_tramitacao":2,"tipo_origem_externa":null,"local_origem_externa":null,"user":8,"anexadas":[],"autores":[23]}