{"id":1773,"__str__":"Mo\u00e7\u00e3o n\u00ba 71 de 2023","link_detail_backend":"/materia/1773","metadata":{"signs":{"texto_original":{"admin":[],"autores":[["Marcio Fernando Costa",["2023-11-23T15:54:08-03:00","ICP-Brasil"]]]}}},"numero":71,"ano":2023,"numero_protocolo":2993,"data_apresentacao":"2023-11-23","tipo_apresentacao":"","data_publicacao":null,"numero_origem_externa":"","ano_origem_externa":null,"data_origem_externa":null,"apelido":"","dias_prazo":null,"data_fim_prazo":null,"em_tramitacao":true,"polemica":false,"objeto":"","complementar":false,"ementa":"Mo\u00e7\u00e3o de Pesar \u00e0 fam\u00edlia do Sr Irineu Ant\u00f4nio da Silva, em virtude do seu falecimento ocorrido em 22/11/2023.","indexacao":"","observacao":"","resultado":"","texto_original":"http://sapl.alfenas.mg.leg.br/media/sapl/public/materialegislativa/2023/1773/mocao_71_-dunga.docx_assinada.pdf","data_ultima_atualizacao":"2023-11-30T18:14:55.476667-03:00","ip":"177.75.217.204","ultima_edicao":"2023-11-23T16:20:07.883713-03:00","tipo":13,"regime_tramitacao":1,"tipo_origem_externa":null,"local_origem_externa":null,"user":8,"anexadas":[],"autores":[31]}