{"id":1734,"__str__":"Mo\u00e7\u00e3o n\u00ba 63 de 2022","link_detail_backend":"/materia/1734","metadata":{"signs":{"texto_original":{"admin":[],"autores":[["Jose Carlos de Morais",["2022-08-11T09:33:50-03:00","ICP-Brasil"]],["Softcam Solucoes Ltda",["2022-08-11T09:33:50-03:00","ICP-Brasil - Certificado PJ A1"]]]}}},"numero":63,"ano":2022,"numero_protocolo":null,"data_apresentacao":"2022-08-11","tipo_apresentacao":"","data_publicacao":null,"numero_origem_externa":"","ano_origem_externa":null,"data_origem_externa":null,"apelido":"","dias_prazo":null,"data_fim_prazo":null,"em_tramitacao":true,"polemica":false,"objeto":"","complementar":false,"ementa":"Mo\u00e7\u00e3o de Congratula\u00e7\u00f5es e Aplausos ao Senhor Rog\u00e9rio Ramos do Prado, Diretor de Extens\u00e3o e Assuntos Comunit\u00e1rios e Coordenador do N\u00facleo de Acompanhamento e Integra\u00e7\u00e3o de Egressos da UNIFENAS, pelos relevantes trabalhos que vem desempenhando h\u00e1 anos na Universidade Jos\u00e9 do Ros\u00e1rio Vellano.","indexacao":"","observacao":"","resultado":"","texto_original":"http://sapl.alfenas.mg.leg.br/media/sapl/public/materialegislativa/2022/1734/2022-63-28560-assinado.pdf","data_ultima_atualizacao":"2023-11-21T17:21:45.014087-03:00","ip":"177.75.217.204","ultima_edicao":"2023-11-21T17:20:51.387759-03:00","tipo":13,"regime_tramitacao":1,"tipo_origem_externa":null,"local_origem_externa":null,"user":4,"anexadas":[],"autores":[32]}