{"id":1669,"__str__":"Projeto de Lei Ordin\u00e1ria n\u00ba 74 de 2023","link_detail_backend":"/materia/1669","metadata":{"signs":{"texto_original":{"admin":[],"autores":[["Fabio Marques Florencio",["2023-11-17T11:37:29-03:00","Gov-Br"]]]}}},"numero":74,"ano":2023,"numero_protocolo":2943,"data_apresentacao":"2023-11-17","tipo_apresentacao":"","data_publicacao":null,"numero_origem_externa":"","ano_origem_externa":null,"data_origem_externa":null,"apelido":"","dias_prazo":null,"data_fim_prazo":null,"em_tramitacao":false,"polemica":false,"objeto":"","complementar":false,"ementa":"Altera a Lei Municipal n. 5.223, de 19 de julho de 2023, que disp\u00f5e sobre a cria\u00e7\u00e3o do Conselho e do Fundo Municipal da Pessoa Idosa de Alfenas e d\u00e1 outras provid\u00eancias.","indexacao":"","observacao":"","resultado":"","texto_original":"http://sapl.alfenas.mg.leg.br/media/sapl/public/materialegislativa/2023/1669/mensagem_064.2023_-_altera_a_lm_5.223-2023_-_conselho_do_idoso_assinado.pdf","data_ultima_atualizacao":"2025-09-12T19:25:35.497877-03:00","ip":"177.43.114.10","ultima_edicao":"2024-05-10T15:23:03.219612-03:00","tipo":9,"regime_tramitacao":1,"tipo_origem_externa":null,"local_origem_externa":null,"user":8,"anexadas":[],"autores":[23]}