{"id":1645,"__str__":"Requerimento n\u00ba 66 de 2023","link_detail_backend":"/materia/1645","metadata":{"signs":{"texto_original":{"admin":[],"autores":[["Marcio Fernando Costa",["2023-11-17T08:31:14-03:00","ICP-Brasil"]]]}}},"numero":66,"ano":2023,"numero_protocolo":2913,"data_apresentacao":"2023-11-14","tipo_apresentacao":"","data_publicacao":null,"numero_origem_externa":"","ano_origem_externa":null,"data_origem_externa":null,"apelido":"","dias_prazo":null,"data_fim_prazo":null,"em_tramitacao":true,"polemica":false,"objeto":"","complementar":false,"ementa":"Requeiro ao Prefeito, ap\u00f3s ouvido o Plen\u00e1rio, que nos responda as indaga\u00e7\u00f5es quanto \u00e0s emendas impositivas que foram destinadas por este Vereador, da seguinte forma:\r\n I - No que pertine aos R$ 50.000,00 (cinquenta mil reais) destinados a castra\u00e7\u00e3o e atendimento aos diversos procedimentos de animais em vulnerabilidade social, especialmente no atendimento e implanta\u00e7\u00e3o do hospital dos animais, que o Executivo nos envie uma planilha contendo o n\u00famero de castra\u00e7\u00f5es e atendimentos realizados com este recurso.\r\n II - Com rela\u00e7\u00e3o aos R$ 50.000,00 (cinquenta mil reais) destinados  ao atendimento de crian\u00e7as e jovens no Centro Municipal do Autismo, favor enviar planilha discriminando e demonstrando onde  e como foi implementada esta emenda; e\r\n  III -  Por fim, que nos demonstre quais medicamentos foram adquiridos e quantos cidad\u00e3os atendidos com a emenda de R$ 69.397,50 (sessenta e nove mil, trezentos e noventa e sete reais e cinquenta centavos).\r\nJustificativa:\r\nDestaca-se a necessidade de esclarecimentos pelo Executivo sobre os valores inerentes \u00e0s emendas de Vereadores, sendo que para o presente caso estou questionando as que j\u00e1 foram realizadas, segundo informa\u00e7\u00f5es de determinados setores, pois quanto a instala\u00e7\u00e3o de vesti\u00e1rio e ilumina\u00e7\u00e3o de pra\u00e7a ainda est\u00e3o em andamento.\r\nContudo, pe\u00e7o a compreens\u00e3o para que possamos dar maior transpar\u00eancia aos gastos com emendas impositivas.","indexacao":"","observacao":"","resultado":"","texto_original":"http://sapl.alfenas.mg.leg.br/media/sapl/public/materialegislativa/2023/1645/requerimento_66.2023_-_marcio_dunga_assinado.pdf","data_ultima_atualizacao":"2025-09-11T18:03:23.350830-03:00","ip":"177.75.217.204","ultima_edicao":"2023-11-17T11:35:56.543017-03:00","tipo":14,"regime_tramitacao":1,"tipo_origem_externa":null,"local_origem_externa":null,"user":9,"anexadas":[],"autores":[31]}