{"id":1618,"__str__":"Indica\u00e7\u00e3o n\u00ba 872 de 2023","link_detail_backend":"/materia/1618","metadata":{"signs":{"texto_original":{"admin":[],"autores":[["Paulo Agenor Madeira",["2023-11-14T12:37:09-03:00","ICP-Brasil"]]]}}},"numero":872,"ano":2023,"numero_protocolo":2891,"data_apresentacao":"2023-11-13","tipo_apresentacao":"","data_publicacao":null,"numero_origem_externa":"","ano_origem_externa":null,"data_origem_externa":null,"apelido":"","dias_prazo":null,"data_fim_prazo":null,"em_tramitacao":true,"polemica":false,"objeto":"","complementar":false,"ementa":"Interceder junto \u00e0 Secretaria Municipal de Obras a fim de colocar um redutor de velocidade na Rua Reden\u00e7\u00e3o, nas proximidades do n\u00ba 150 no Bairro Vila Bet\u00e2nia.","indexacao":"","observacao":"","resultado":"","texto_original":"http://sapl.alfenas.mg.leg.br/media/sapl/public/materialegislativa/2023/1618/indicacao_872_-_paulinho.assinada.pdf","data_ultima_atualizacao":"2023-12-12T09:25:27.816894-03:00","ip":"177.75.217.204","ultima_edicao":"2023-11-16T11:18:36.132339-03:00","tipo":17,"regime_tramitacao":1,"tipo_origem_externa":null,"local_origem_externa":null,"user":7,"anexadas":[],"autores":[29]}