{"id":1572,"__str__":"Mo\u00e7\u00e3o n\u00ba 65 de 2023","link_detail_backend":"/materia/1572","metadata":{"signs":{"texto_original":{"admin":[],"autores":[["Evanilson Pereira de Andrade",["2023-11-10T08:43:53-03:00","ICP-Brasil"]]]}}},"numero":65,"ano":2023,"numero_protocolo":null,"data_apresentacao":"2023-11-09","tipo_apresentacao":"","data_publicacao":null,"numero_origem_externa":"","ano_origem_externa":null,"data_origem_externa":null,"apelido":"","dias_prazo":null,"data_fim_prazo":null,"em_tramitacao":true,"polemica":false,"objeto":"","complementar":false,"ementa":"MO\u00c7\u00c3O DE CONGRATULA\u00c7\u00d5ES E APLAUSOS \u00e0 Emissora de televis\u00e3o \u2013 TV Alfenas, pelo anivers\u00e1rio de 39 anos de sua funda\u00e7\u00e3o.","indexacao":"","observacao":"","resultado":"","texto_original":"http://sapl.alfenas.mg.leg.br/media/sapl/public/materialegislativa/2023/1572/mocao_65_-_ratinho_assinada.pdf","data_ultima_atualizacao":"2023-11-10T10:11:27.854724-03:00","ip":"177.75.207.36","ultima_edicao":"2023-11-10T09:42:05.577543-03:00","tipo":13,"regime_tramitacao":1,"tipo_origem_externa":null,"local_origem_externa":null,"user":14,"anexadas":[],"autores":[33]}