{"id":1297,"__str__":"Indica\u00e7\u00e3o n\u00ba 793 de 2023","link_detail_backend":"/materia/1297","metadata":{},"numero":793,"ano":2023,"numero_protocolo":2716,"data_apresentacao":"2023-10-20","tipo_apresentacao":"","data_publicacao":null,"numero_origem_externa":"","ano_origem_externa":null,"data_origem_externa":null,"apelido":"","dias_prazo":null,"data_fim_prazo":null,"em_tramitacao":true,"polemica":false,"objeto":"","complementar":false,"ementa":"Solicita a trocar das l\u00e2mpadas que est\u00e3o queimadas no trevo da Unifenas,  tamb\u00e9m a coloca\u00e7\u00e3o de  bra\u00e7os de luz e l\u00e2mpadas de LED em sete postes, ro\u00e7agem do mato e fazer o passeio de um dos lados que est\u00e1 faltando na rua que liga o Marte Minas por tr\u00e1s da Fiat no Trevo.","indexacao":"","observacao":"","resultado":"","texto_original":"http://sapl.alfenas.mg.leg.br/media/sapl/public/materialegislativa/2023/1297/indicacao_7932023-assinado.pdf","data_ultima_atualizacao":"2023-12-12T09:25:17.378236-03:00","ip":"177.75.206.96","ultima_edicao":"2023-10-20T10:14:23.263860-03:00","tipo":17,"regime_tramitacao":1,"tipo_origem_externa":null,"local_origem_externa":null,"user":14,"anexadas":[],"autores":[24]}