{"id":1295,"__str__":"Mo\u00e7\u00e3o n\u00ba 57 de 2023","link_detail_backend":"/materia/1295","metadata":{"signs":{"texto_original":{"admin":[],"autores":[["Jose Carlos de Morais",["2023-10-20T11:50:18-03:00","ICP-Brasil"]]]}}},"numero":57,"ano":2023,"numero_protocolo":2713,"data_apresentacao":"2023-10-19","tipo_apresentacao":"","data_publicacao":null,"numero_origem_externa":"","ano_origem_externa":null,"data_origem_externa":null,"apelido":"","dias_prazo":null,"data_fim_prazo":null,"em_tramitacao":true,"polemica":false,"objeto":"","complementar":false,"ementa":"O Vereador que subscreve a presente, prop\u00f5e, ap\u00f3s ouvido o Plen\u00e1rio e nos termos do artigo 109 da Resolu\u00e7\u00e3o n\u00ba 04/2016 \u2013 Regimento Interno desta Casa Legislativa, com pedido de inser\u00e7\u00e3o em ata, a presente MO\u00c7\u00c3O DE CONGRATULA\u00c7\u00d5ES E APLAUSOS \u00e0 Sra. ANDREA TERESA GABRIEL, uma das fundadoras do GRUPO AMIGAS DO PEITO, em funcionamento h\u00e1 1 ano, composto por 50 mulheres que tiveram c\u00e2ncer de mama e trabalham com a sociedade, conscientizando as mulheres sobre a preven\u00e7\u00e3o do c\u00e2ncer de mama.","indexacao":"","observacao":"","resultado":"","texto_original":"http://sapl.alfenas.mg.leg.br/media/sapl/public/materialegislativa/2023/1295/mocao_57_-_vardema.docx.assinada.2.pdf","data_ultima_atualizacao":"2023-10-25T08:44:49.803544-03:00","ip":"177.43.114.10","ultima_edicao":"2023-10-20T11:50:32.866653-03:00","tipo":13,"regime_tramitacao":1,"tipo_origem_externa":null,"local_origem_externa":null,"user":10,"anexadas":[],"autores":[32]}